{"id":35,"date":"2021-05-26T18:18:46","date_gmt":"2021-05-26T17:18:46","guid":{"rendered":"http:\/\/www.stands-virtuales.com\/blog\/?p=35"},"modified":"2021-08-13T16:29:52","modified_gmt":"2021-08-13T15:29:52","slug":"plataforma-para-eventos-conectar-con-tu-publico-mas-y-mejor","status":"publish","type":"post","link":"https:\/\/stands-virtuales.com\/blog\/plataforma-para-eventos-conectar-con-tu-publico-mas-y-mejor\/","title":{"rendered":"Plataforma para eventos: conectar con tu p\u00fablico m\u00e1s y mejor"},"content":{"rendered":"<div class=\"fusion-fullwidth fullwidth-box fusion-builder-row-1 fusion-flex-container nonhundred-percent-fullwidth non-hundred-percent-height-scrolling\" style=\"background-color: #ffffff;background-position: center center;background-repeat: no-repeat;border-width: 0px 0px 0px 0px;border-color:#eae9e9;border-style:solid;\" ><div class=\"fusion-builder-row fusion-row fusion-flex-align-items-flex-start\" style=\"max-width:1185.6px;margin-left: calc(-4% \/ 2 );margin-right: calc(-4% \/ 2 );\"><div class=\"fusion-layout-column fusion_builder_column fusion-builder-column-0 fusion_builder_column_1_1 1_1 fusion-flex-column\"><div class=\"fusion-column-wrapper fusion-flex-justify-content-flex-start fusion-content-layout-column\" style=\"background-position:left top;background-repeat:no-repeat;-webkit-background-size:cover;-moz-background-size:cover;-o-background-size:cover;background-size:cover;padding: 0px 0px 0px 0px;\"><style type=\"text\/css\">@media only screen and (max-width:1024px) {.fusion-title.fusion-title-1{margin-top:10px!important; margin-right:0px!important;margin-bottom:15px!important;margin-left:0px!important;}}@media only screen and (max-width:640px) {.fusion-title.fusion-title-1{margin-top:10px!important; margin-right:0px!important;margin-bottom:10px!important; margin-left:0px!important;}}<\/style><div class=\"fusion-title title fusion-title-1 fusion-sep-none fusion-title-text fusion-title-size-three\" style=\"margin-top:10px;margin-right:0px;margin-bottom:15px;margin-left:0px;\"><h3 class=\"title-heading-left\" style=\"margin:0;\"><strong>\u00bfQu\u00e9 entendemos por plataforma digital o virtual?<\/strong><\/h3><\/div><div class=\"fusion-text fusion-text-1\"><p>Estamos tan familiarizados con la palabra plataforma, usada en t\u00e9rminos tecnol\u00f3gicos, que igual no nos hemos parado a pensar en qu\u00e9 consiste. Entendemos por plataforma digital o virtual, un <strong>espacio en Internet que permite ejecutar diferentes aplicaciones o programas en un mismo lugar. Este espacio ser\u00eda flexible y totalmente personalizable, tanto en est\u00e9tica como en funciones. Siempre enfocado a satisfacer las necesidades de cada cliente o usuario.<\/strong><\/p>\n<p>Por ejemplo, una plataforma a que estamos muy habituados es la de nuestra entidad bancaria, a la que accedemos con nuestros datos de forma segura, y podemos hacer un amplio abanico de gestiones.<\/p>\n<p>Por otro lado, las redes sociales como Linkedin, Facebook, Twiter\u2026tambi\u00e9n son plataformas digitales, cada una con sus particularidades, de las que hacemos un uso cotidiano.<\/p>\n<p>Ya ves que cada tipo de plataforma digital est\u00e1 pensada para unos objetivos muy distintos, y por tanto, desde su aspecto hasta sus prestaciones se enfocan hacia estos objetivos concretos. Existen otros muchos tipos, pero <strong>nos vamos a centrar en las plataformas integrales dise\u00f1adas espec\u00edficamente para la celebraci\u00f3n de congresos y eventos en general. Pueden ser eventos virtuales o h\u00edbridos, pero siempre tratando de acercar a los asistentes a la realidad. De recrear ambientes muy similares a los espacios f\u00edsicos. Este ser\u00eda el caso de la plataforma propia de Stands Virtuales.<\/strong><\/p>\n<p>Queremos recalcar antes de seguir, <strong>que los eventos presenciales se complementan cada vez m\u00e1s con una plataforma on line, para ofrecer as\u00ed la posibilidad de asistir virtualmente a aquellas personas que no puedan hacerlo de forma presencial<\/strong>. De aqu\u00ed que hayamos comentado que nuestra plataforma est\u00e1 pensada para eventos tanto <u>virtuales<\/u> como <u>h\u00edbridos<\/u>.<\/p>\n<\/div><style type=\"text\/css\">@media only screen and (max-width:1024px) {.fusion-title.fusion-title-2{margin-top:10px!important; margin-right:0px!important;margin-bottom:15px!important;margin-left:0px!important;}}@media only screen and (max-width:640px) {.fusion-title.fusion-title-2{margin-top:10px!important; margin-right:0px!important;margin-bottom:10px!important; margin-left:0px!important;}}<\/style><div class=\"fusion-title title fusion-title-2 fusion-sep-none fusion-title-text fusion-title-size-three\" style=\"margin-top:10px;margin-right:0px;margin-bottom:15px;margin-left:0px;\"><h3 class=\"title-heading-left\" style=\"margin:0;\"><strong>\u00bfQu\u00e9 nos ofrece una plataforma digital pensada para eventos?<\/strong><\/h3><\/div><div class=\"fusion-text fusion-text-2\"><p>De entrada, lo que debemos tener muy claro es que al ser un espacio virtual adaptable y personalizable, <strong>podemos utilizar la plataforma para celebrar todo tipo de eventos, con la din\u00e1mica que se nos ocurra. Desde una feria o congreso, un evento corporativo, de formaci\u00f3n, la presentaci\u00f3n de un producto o servicio, jornadas internas o para clientes\u2026<\/strong>El espacio virtual puede ser tan sencillo o tan complejo en est\u00e9tica, o en funciones y puntos interactivos, como tu empresa lo necesite. Siempre priorizando el estatus de lugar 100% seguro, para cualquier usuario que acceda a \u00e9l.<\/p>\n<p><u>Hall de entrada<\/u>: El usuario accede a un <strong>espacio inmersivo que estar\u00e1 customizado mediante logos, colores corporativos.<\/strong>.. En este hall, se realizar\u00e1 <strong>el registro del visitante<\/strong> (este paso es b\u00e1sico para recopilar datos, que pueden analizarse incluso en tiempo real o a posteriori, proporcion\u00e1ndonos una informaci\u00f3n muy valiosa). En nuestro hall, el usuario podr\u00e1 clicar en algunas <strong>zonas interactivas, donde obtener informaci\u00f3n mediante documentos descargables o audiovisuales<\/strong>. Por ejemplo, la presentaci\u00f3n de empresa o del evento en concreto, donde podr\u00e1 obtener una gu\u00eda de c\u00f3mo navegar de una forma intuitiva y sencilla, por las diferentes \u00e1reas que se han dise\u00f1ado para la ocasi\u00f3n.<\/p>\n<p><img decoding=\"async\" class=\"alignnone size-full wp-image-37 aligncenter\" src=\"http:\/\/www.stands-virtuales.com\/blog\/wp-content\/uploads\/2021\/05\/Hall_p.jpg\" alt=\"\" width=\"600\" height=\"266\" srcset=\"https:\/\/stands-virtuales.com\/blog\/wp-content\/uploads\/2021\/05\/Hall_p-200x89.jpg 200w, https:\/\/stands-virtuales.com\/blog\/wp-content\/uploads\/2021\/05\/Hall_p-300x133.jpg 300w, https:\/\/stands-virtuales.com\/blog\/wp-content\/uploads\/2021\/05\/Hall_p-400x177.jpg 400w, https:\/\/stands-virtuales.com\/blog\/wp-content\/uploads\/2021\/05\/Hall_p.jpg 600w\" sizes=\"(max-width: 600px) 100vw, 600px\" \/><\/p>\n<p>Una vez registrado, y antes de acceder a las \u00e1reas o salas espec\u00edficas, habr\u00eda la opci\u00f3n de participar en alg\u00fan <strong>concurso, juego o acci\u00f3n sostenible<\/strong> para reforzar la relaci\u00f3n con la marca, ya se trate de clientes o integrantes del equipo (esto \u00faltimo en caso de que se trate de un evento interno de empresa).<\/p>\n<p><u>Salas espec\u00edficas<\/u>: Desde el hall, el visitante podr\u00e1 acceder a las distintas \u00e1reas que se hayan <strong>dise\u00f1ado y personalizado, seg\u00fan las necesidades de tu marca y el objetivo del evento on line<\/strong>. Te detallamos las m\u00e1s habituales, pero ya sabes que en lo virtual, <strong>los l\u00edmites los pones t\u00fa.<\/strong><\/p>\n<ul>\n<li><strong>Auditorio: <\/strong>Tendr\u00e1 aspecto de sala de teatro o cine, con una pantalla grande desde donde se podr\u00e1n visualizar videos en directo o grabados previamente. Si se ha incorporado la opci\u00f3n de chat, permitir\u00eda sesi\u00f3n de preguntas y respuestas en tiempo real. En esta sala se pueden celebrar videoconferencias, talleres, charlas\u2026.<\/li>\n<li><strong>Networking: <\/strong>Tendr\u00e1 aspecto de sala de reuniones, donde se podr\u00e1 establecer contacto con otras empresas, profesionales o clientes. La red de contactos, en el \u00e1mbito virtual puede establecerse m\u00e1s r\u00e1pido y ser mucho m\u00e1s amplia que en el \u00e1mbito presencial.<\/li>\n<li><strong>Showroom: <\/strong>Una sala donde podr\u00e1s mostrar tus servicios o productos al cliente, de manera que \u00e9ste tenga la sensaci\u00f3n de estar paseando de manera presencial. Aqu\u00ed, el visitante obtendr\u00e1 toda la informaci\u00f3n filtrada y de calidad, que le ayude a decidirse para la compra.<\/li>\n<li><strong>Sala de recreo o cantina: <\/strong>Un espacio con aspecto m\u00e1s informal, donde los asistentes podr\u00e1n establecer un contacto cercano, haciendo comentarios y sugerencias en un ambiente m\u00e1s distendido que en las otras \u00e1reas.<\/li>\n<\/ul>\n<p><img decoding=\"async\" class=\"size-full wp-image-36 aligncenter\" src=\"http:\/\/www.stands-virtuales.com\/blog\/wp-content\/uploads\/2021\/05\/Auditorio_p.jpg\" alt=\"\" width=\"600\" height=\"275\" srcset=\"https:\/\/stands-virtuales.com\/blog\/wp-content\/uploads\/2021\/05\/Auditorio_p-200x92.jpg 200w, https:\/\/stands-virtuales.com\/blog\/wp-content\/uploads\/2021\/05\/Auditorio_p-300x138.jpg 300w, https:\/\/stands-virtuales.com\/blog\/wp-content\/uploads\/2021\/05\/Auditorio_p-400x183.jpg 400w, https:\/\/stands-virtuales.com\/blog\/wp-content\/uploads\/2021\/05\/Auditorio_p.jpg 600w\" sizes=\"(max-width: 600px) 100vw, 600px\" \/><\/p>\n<\/div><style type=\"text\/css\">@media only screen and (max-width:1024px) {.fusion-title.fusion-title-3{margin-top:10px!important; margin-right:0px!important;margin-bottom:15px!important;margin-left:0px!important;}}@media only screen and (max-width:640px) {.fusion-title.fusion-title-3{margin-top:10px!important; margin-right:0px!important;margin-bottom:10px!important; margin-left:0px!important;}}<\/style><div class=\"fusion-title title fusion-title-3 fusion-sep-none fusion-title-text fusion-title-size-three\" style=\"margin-top:10px;margin-right:0px;margin-bottom:15px;margin-left:0px;\"><h3 class=\"title-heading-left\" style=\"margin:0;\"><strong>\u00bfQu\u00e9 ventajas principales nos aporta una plataforma personalizada?<\/strong><\/h3><\/div><div class=\"fusion-text fusion-text-3\"><ul>\n<li><strong>Recogida y monitorizaci\u00f3n de datos: <\/strong>Los datos se pueden analizar, incluso en tiempo real, con lo cual, no solamente proporcionan informaci\u00f3n para tomar decisiones empresariales una vez finalizado el evento. Tambi\u00e9n puedes optimizar las acciones durante la celebraci\u00f3n, mejorando as\u00ed los resultados.<\/li>\n<li><strong>Sostenibilidad:<\/strong> Reduces la emisi\u00f3n de CO2. Incluso si el evento es h\u00edbrido, el volumen presencial de asistentes se reducir\u00e1, respecto a los que asisten virtualmente. Eliminas el uso de pl\u00e1stico o papel, y el desperdicio de productos alimentarios. Tambi\u00e9n reduces el gasto de electricidad.<\/li>\n<li><strong>Ahorro de costes y tiempo:<\/strong> Reduces el gasto en dietas y desplazamientos, adem\u00e1s de ahorrar tiempos de espera innecesarios en viajes, colas, etc.<\/li>\n<li><strong>Mayor alcance del evento:<\/strong> Al no haber barreras geogr\u00e1ficas ni de horario, llegas a un p\u00fablico mucho m\u00e1s amplio.<\/li>\n<li><strong>Imagen actualizada de tu marca:<\/strong> Se relaciona tu marca con el uso de nuevas tecnolog\u00edas, irradiando una imagen innovadora.<\/li>\n<li><strong>Streaming:<\/strong> Adem\u00e1s de emitir en directo, se puede acceder a posteriori a las grabaciones de los videos de conferencias, charlas\u2026.<\/li>\n<li><strong>Amortizaci\u00f3n del espacio virtual:<\/strong> Podr\u00e1s aprovechar tu espacio virtual personalizado para otros eventos futuros. Sea el hall, salas, stand\u2026. tu proveedor te ofrecer\u00e1 la opci\u00f3n de realizar \u00e9l, o bien de proporcionarte el apoyo t\u00e9cnico, para que puedas realizar t\u00fa mismo las modificaciones b\u00e1sicas necesarias (cambios est\u00e9ticos, renovar documentos de texto o audiovisuales\u2026).<\/li>\n<\/ul>\n<p>\u00bfNecesitas un stand virtual, y adem\u00e1s quieres integrarlo en tu web, una vez finalizado el congreso?\u00a0 \u00bfQuieres organizar un evento para tus clientes?\u00a0 \u00bfEst\u00e1s pensando en realizar unas jornadas internas de formaci\u00f3n o para lanzar un producto?\u00a0 \u00bfTe gustar\u00eda disponer de un espacio virtual corporativo, para que tus visitantes se sientan atendidos como en tu sede f\u00edsica?<\/p>\n<p>Todas estas ideas y otras muchas, puedes hacerlas realidad gracias nuestra plataforma virtual. Preg\u00fantanos!!!<\/p>\n<\/div><style type=\"text\/css\">@media only screen and (max-width:1024px) {.fusion-title.fusion-title-4{margin-top:10px!important; margin-right:0px!important;margin-bottom:15px!important;margin-left:0px!important;}}@media only screen and (max-width:640px) {.fusion-title.fusion-title-4{margin-top:10px!important; margin-right:0px!important;margin-bottom:10px!important; margin-left:0px!important;}}<\/style><div class=\"fusion-title title fusion-title-4 fusion-sep-none fusion-title-text fusion-title-size-three\" style=\"margin-top:10px;margin-right:0px;margin-bottom:15px;margin-left:0px;\"><h3 class=\"title-heading-left\" style=\"margin:0;\">Todas estas ideas y otras muchas, puedes hacerlas realidad gracias nuestra plataforma virtual. Preg\u00fantanos!!!<\/h3><\/div><\/div><style type=\"text\/css\">.fusion-body .fusion-builder-column-0{width:100% !important;margin-top : 0px;margin-bottom : 20px;}.fusion-builder-column-0 > .fusion-column-wrapper {padding-top : 0px !important;padding-right : 0px !important;margin-right : 1.92%;padding-bottom : 0px !important;padding-left : 0px !important;margin-left : 1.92%;}@media only screen and (max-width:1024px) {.fusion-body .fusion-builder-column-0{width:100% !important;order : 0;}.fusion-builder-column-0 > .fusion-column-wrapper {margin-right : 1.92%;margin-left : 1.92%;}}@media only screen and (max-width:640px) {.fusion-body .fusion-builder-column-0{width:100% !important;order : 0;}.fusion-builder-column-0 > .fusion-column-wrapper {margin-right : 1.92%;margin-left : 1.92%;}}<\/style><\/div><\/div><style type=\"text\/css\">.fusion-body .fusion-flex-container.fusion-builder-row-1{ padding-top : 0px;margin-top : 0px;padding-right : 0px;padding-bottom : 0px;margin-bottom : 0px;padding-left : 0px;}<\/style><\/div>\n","protected":false},"excerpt":{"rendered":"","protected":false},"author":1,"featured_media":38,"comment_status":"closed","ping_status":"closed","sticky":false,"template":"","format":"standard","meta":{"footnotes":""},"categories":[1],"tags":[],"class_list":["post-35","post","type-post","status-publish","format-standard","has-post-thumbnail","hentry","category-sin-categoria"],"yoast_head":"<!-- This site is optimized with the Yoast SEO plugin v22.4 - https:\/\/yoast.com\/wordpress\/plugins\/seo\/ -->\n<title>Plataforma para eventos: conectar con tu p\u00fablico m\u00e1s y mejor - Blog Stands Virtuales<\/title>\n<meta name=\"robots\" content=\"index, follow, max-snippet:-1, max-image-preview:large, max-video-preview:-1\" \/>\n<link rel=\"canonical\" href=\"https:\/\/stands-virtuales.com\/blog\/plataforma-para-eventos-conectar-con-tu-publico-mas-y-mejor\/\" \/>\n<meta property=\"og:locale\" content=\"es_ES\" \/>\n<meta property=\"og:type\" content=\"article\" \/>\n<meta property=\"og:title\" content=\"Plataforma para eventos: conectar con tu p\u00fablico m\u00e1s y mejor - Blog Stands Virtuales\" \/>\n<meta property=\"og:url\" content=\"https:\/\/stands-virtuales.com\/blog\/plataforma-para-eventos-conectar-con-tu-publico-mas-y-mejor\/\" \/>\n<meta property=\"og:site_name\" content=\"Blog Stands Virtuales\" \/>\n<meta property=\"article:published_time\" content=\"2021-05-26T17:18:46+00:00\" \/>\n<meta property=\"article:modified_time\" content=\"2021-08-13T15:29:52+00:00\" \/>\n<meta property=\"og:image\" content=\"https:\/\/stands-virtuales.com\/blog\/wp-content\/uploads\/2021\/05\/img_plataforma.jpg\" \/>\n\t<meta property=\"og:image:width\" content=\"580\" \/>\n\t<meta property=\"og:image:height\" content=\"436\" \/>\n\t<meta property=\"og:image:type\" content=\"image\/jpeg\" \/>\n<meta name=\"author\" content=\"AdminSV\" \/>\n<meta name=\"twitter:card\" content=\"summary_large_image\" \/>\n<meta name=\"twitter:label1\" content=\"Escrito por\" \/>\n\t<meta name=\"twitter:data1\" content=\"AdminSV\" \/>\n\t<meta name=\"twitter:label2\" content=\"Tiempo de lectura\" \/>\n\t<meta name=\"twitter:data2\" content=\"5 minutos\" \/>\n<script type=\"application\/ld+json\" class=\"yoast-schema-graph\">{\"@context\":\"https:\/\/schema.org\",\"@graph\":[{\"@type\":\"WebPage\",\"@id\":\"https:\/\/stands-virtuales.com\/blog\/plataforma-para-eventos-conectar-con-tu-publico-mas-y-mejor\/\",\"url\":\"https:\/\/stands-virtuales.com\/blog\/plataforma-para-eventos-conectar-con-tu-publico-mas-y-mejor\/\",\"name\":\"Plataforma para eventos: conectar con tu p\u00fablico m\u00e1s y mejor - Blog Stands Virtuales\",\"isPartOf\":{\"@id\":\"https:\/\/stands-virtuales.com\/blog\/#website\"},\"primaryImageOfPage\":{\"@id\":\"https:\/\/stands-virtuales.com\/blog\/plataforma-para-eventos-conectar-con-tu-publico-mas-y-mejor\/#primaryimage\"},\"image\":{\"@id\":\"https:\/\/stands-virtuales.com\/blog\/plataforma-para-eventos-conectar-con-tu-publico-mas-y-mejor\/#primaryimage\"},\"thumbnailUrl\":\"https:\/\/stands-virtuales.com\/blog\/wp-content\/uploads\/2021\/05\/img_plataforma.jpg\",\"datePublished\":\"2021-05-26T17:18:46+00:00\",\"dateModified\":\"2021-08-13T15:29:52+00:00\",\"author\":{\"@id\":\"https:\/\/stands-virtuales.com\/blog\/#\/schema\/person\/b0c81557b3ec0e69c7a8507661bc5b60\"},\"breadcrumb\":{\"@id\":\"https:\/\/stands-virtuales.com\/blog\/plataforma-para-eventos-conectar-con-tu-publico-mas-y-mejor\/#breadcrumb\"},\"inLanguage\":\"es\",\"potentialAction\":[{\"@type\":\"ReadAction\",\"target\":[\"https:\/\/stands-virtuales.com\/blog\/plataforma-para-eventos-conectar-con-tu-publico-mas-y-mejor\/\"]}]},{\"@type\":\"ImageObject\",\"inLanguage\":\"es\",\"@id\":\"https:\/\/stands-virtuales.com\/blog\/plataforma-para-eventos-conectar-con-tu-publico-mas-y-mejor\/#primaryimage\",\"url\":\"https:\/\/stands-virtuales.com\/blog\/wp-content\/uploads\/2021\/05\/img_plataforma.jpg\",\"contentUrl\":\"https:\/\/stands-virtuales.com\/blog\/wp-content\/uploads\/2021\/05\/img_plataforma.jpg\",\"width\":580,\"height\":436},{\"@type\":\"BreadcrumbList\",\"@id\":\"https:\/\/stands-virtuales.com\/blog\/plataforma-para-eventos-conectar-con-tu-publico-mas-y-mejor\/#breadcrumb\",\"itemListElement\":[{\"@type\":\"ListItem\",\"position\":1,\"name\":\"Portada\",\"item\":\"https:\/\/stands-virtuales.com\/blog\/\"},{\"@type\":\"ListItem\",\"position\":2,\"name\":\"Plataforma para eventos: conectar con tu p\u00fablico m\u00e1s y mejor\"}]},{\"@type\":\"WebSite\",\"@id\":\"https:\/\/stands-virtuales.com\/blog\/#website\",\"url\":\"https:\/\/stands-virtuales.com\/blog\/\",\"name\":\"Blog Stands Virtuales\",\"description\":\"\",\"potentialAction\":[{\"@type\":\"SearchAction\",\"target\":{\"@type\":\"EntryPoint\",\"urlTemplate\":\"https:\/\/stands-virtuales.com\/blog\/?s={search_term_string}\"},\"query-input\":\"required name=search_term_string\"}],\"inLanguage\":\"es\"},{\"@type\":\"Person\",\"@id\":\"https:\/\/stands-virtuales.com\/blog\/#\/schema\/person\/b0c81557b3ec0e69c7a8507661bc5b60\",\"name\":\"AdminSV\",\"image\":{\"@type\":\"ImageObject\",\"inLanguage\":\"es\",\"@id\":\"https:\/\/stands-virtuales.com\/blog\/#\/schema\/person\/image\/\",\"url\":\"https:\/\/secure.gravatar.com\/avatar\/fa1cd077bd91aa206f2a82918e989b7da2590aa7b38db6cac28c2901bc39e7b9?s=96&d=mm&r=g\",\"contentUrl\":\"https:\/\/secure.gravatar.com\/avatar\/fa1cd077bd91aa206f2a82918e989b7da2590aa7b38db6cac28c2901bc39e7b9?s=96&d=mm&r=g\",\"caption\":\"AdminSV\"},\"sameAs\":[\"http:\/\/www.stands-virtuales.com\/blog\"],\"url\":\"https:\/\/stands-virtuales.com\/blog\/author\/adminsv\/\"}]}<\/script>\n<!-- \/ Yoast SEO plugin. -->","yoast_head_json":{"title":"Plataforma para eventos: conectar con tu p\u00fablico m\u00e1s y mejor - Blog Stands Virtuales","robots":{"index":"index","follow":"follow","max-snippet":"max-snippet:-1","max-image-preview":"max-image-preview:large","max-video-preview":"max-video-preview:-1"},"canonical":"https:\/\/stands-virtuales.com\/blog\/plataforma-para-eventos-conectar-con-tu-publico-mas-y-mejor\/","og_locale":"es_ES","og_type":"article","og_title":"Plataforma para eventos: conectar con tu p\u00fablico m\u00e1s y mejor - Blog Stands Virtuales","og_url":"https:\/\/stands-virtuales.com\/blog\/plataforma-para-eventos-conectar-con-tu-publico-mas-y-mejor\/","og_site_name":"Blog Stands Virtuales","article_published_time":"2021-05-26T17:18:46+00:00","article_modified_time":"2021-08-13T15:29:52+00:00","og_image":[{"width":580,"height":436,"url":"https:\/\/stands-virtuales.com\/blog\/wp-content\/uploads\/2021\/05\/img_plataforma.jpg","type":"image\/jpeg"}],"author":"AdminSV","twitter_card":"summary_large_image","twitter_misc":{"Escrito por":"AdminSV","Tiempo de lectura":"5 minutos"},"schema":{"@context":"https:\/\/schema.org","@graph":[{"@type":"WebPage","@id":"https:\/\/stands-virtuales.com\/blog\/plataforma-para-eventos-conectar-con-tu-publico-mas-y-mejor\/","url":"https:\/\/stands-virtuales.com\/blog\/plataforma-para-eventos-conectar-con-tu-publico-mas-y-mejor\/","name":"Plataforma para eventos: conectar con tu p\u00fablico m\u00e1s y mejor - Blog Stands Virtuales","isPartOf":{"@id":"https:\/\/stands-virtuales.com\/blog\/#website"},"primaryImageOfPage":{"@id":"https:\/\/stands-virtuales.com\/blog\/plataforma-para-eventos-conectar-con-tu-publico-mas-y-mejor\/#primaryimage"},"image":{"@id":"https:\/\/stands-virtuales.com\/blog\/plataforma-para-eventos-conectar-con-tu-publico-mas-y-mejor\/#primaryimage"},"thumbnailUrl":"https:\/\/stands-virtuales.com\/blog\/wp-content\/uploads\/2021\/05\/img_plataforma.jpg","datePublished":"2021-05-26T17:18:46+00:00","dateModified":"2021-08-13T15:29:52+00:00","author":{"@id":"https:\/\/stands-virtuales.com\/blog\/#\/schema\/person\/b0c81557b3ec0e69c7a8507661bc5b60"},"breadcrumb":{"@id":"https:\/\/stands-virtuales.com\/blog\/plataforma-para-eventos-conectar-con-tu-publico-mas-y-mejor\/#breadcrumb"},"inLanguage":"es","potentialAction":[{"@type":"ReadAction","target":["https:\/\/stands-virtuales.com\/blog\/plataforma-para-eventos-conectar-con-tu-publico-mas-y-mejor\/"]}]},{"@type":"ImageObject","inLanguage":"es","@id":"https:\/\/stands-virtuales.com\/blog\/plataforma-para-eventos-conectar-con-tu-publico-mas-y-mejor\/#primaryimage","url":"https:\/\/stands-virtuales.com\/blog\/wp-content\/uploads\/2021\/05\/img_plataforma.jpg","contentUrl":"https:\/\/stands-virtuales.com\/blog\/wp-content\/uploads\/2021\/05\/img_plataforma.jpg","width":580,"height":436},{"@type":"BreadcrumbList","@id":"https:\/\/stands-virtuales.com\/blog\/plataforma-para-eventos-conectar-con-tu-publico-mas-y-mejor\/#breadcrumb","itemListElement":[{"@type":"ListItem","position":1,"name":"Portada","item":"https:\/\/stands-virtuales.com\/blog\/"},{"@type":"ListItem","position":2,"name":"Plataforma para eventos: conectar con tu p\u00fablico m\u00e1s y mejor"}]},{"@type":"WebSite","@id":"https:\/\/stands-virtuales.com\/blog\/#website","url":"https:\/\/stands-virtuales.com\/blog\/","name":"Blog Stands Virtuales","description":"","potentialAction":[{"@type":"SearchAction","target":{"@type":"EntryPoint","urlTemplate":"https:\/\/stands-virtuales.com\/blog\/?s={search_term_string}"},"query-input":"required name=search_term_string"}],"inLanguage":"es"},{"@type":"Person","@id":"https:\/\/stands-virtuales.com\/blog\/#\/schema\/person\/b0c81557b3ec0e69c7a8507661bc5b60","name":"AdminSV","image":{"@type":"ImageObject","inLanguage":"es","@id":"https:\/\/stands-virtuales.com\/blog\/#\/schema\/person\/image\/","url":"https:\/\/secure.gravatar.com\/avatar\/fa1cd077bd91aa206f2a82918e989b7da2590aa7b38db6cac28c2901bc39e7b9?s=96&d=mm&r=g","contentUrl":"https:\/\/secure.gravatar.com\/avatar\/fa1cd077bd91aa206f2a82918e989b7da2590aa7b38db6cac28c2901bc39e7b9?s=96&d=mm&r=g","caption":"AdminSV"},"sameAs":["http:\/\/www.stands-virtuales.com\/blog"],"url":"https:\/\/stands-virtuales.com\/blog\/author\/adminsv\/"}]}},"_links":{"self":[{"href":"https:\/\/stands-virtuales.com\/blog\/wp-json\/wp\/v2\/posts\/35","targetHints":{"allow":["GET"]}}],"collection":[{"href":"https:\/\/stands-virtuales.com\/blog\/wp-json\/wp\/v2\/posts"}],"about":[{"href":"https:\/\/stands-virtuales.com\/blog\/wp-json\/wp\/v2\/types\/post"}],"author":[{"embeddable":true,"href":"https:\/\/stands-virtuales.com\/blog\/wp-json\/wp\/v2\/users\/1"}],"replies":[{"embeddable":true,"href":"https:\/\/stands-virtuales.com\/blog\/wp-json\/wp\/v2\/comments?post=35"}],"version-history":[{"count":1,"href":"https:\/\/stands-virtuales.com\/blog\/wp-json\/wp\/v2\/posts\/35\/revisions"}],"predecessor-version":[{"id":39,"href":"https:\/\/stands-virtuales.com\/blog\/wp-json\/wp\/v2\/posts\/35\/revisions\/39"}],"wp:featuredmedia":[{"embeddable":true,"href":"https:\/\/stands-virtuales.com\/blog\/wp-json\/wp\/v2\/media\/38"}],"wp:attachment":[{"href":"https:\/\/stands-virtuales.com\/blog\/wp-json\/wp\/v2\/media?parent=35"}],"wp:term":[{"taxonomy":"category","embeddable":true,"href":"https:\/\/stands-virtuales.com\/blog\/wp-json\/wp\/v2\/categories?post=35"},{"taxonomy":"post_tag","embeddable":true,"href":"https:\/\/stands-virtuales.com\/blog\/wp-json\/wp\/v2\/tags?post=35"}],"curies":[{"name":"wp","href":"https:\/\/api.w.org\/{rel}","templated":true}]}}