{"id":70,"date":"2021-10-28T20:01:11","date_gmt":"2021-10-28T19:01:11","guid":{"rendered":"https:\/\/stands-virtuales.com\/blog\/?p=70"},"modified":"2021-11-30T20:06:45","modified_gmt":"2021-11-30T19:06:45","slug":"por-que-incorporar-el-formato-virtual-a-nuestra-estrategia-corporativa","status":"publish","type":"post","link":"https:\/\/stands-virtuales.com\/blog\/por-que-incorporar-el-formato-virtual-a-nuestra-estrategia-corporativa\/","title":{"rendered":"\u00bfPor qu\u00e9 incorporar el formato virtual a nuestra estrategia corporativa?"},"content":{"rendered":"<div class=\"fusion-fullwidth fullwidth-box fusion-builder-row-1 fusion-flex-container nonhundred-percent-fullwidth non-hundred-percent-height-scrolling\" style=\"background-color: #ffffff;background-position: center center;background-repeat: no-repeat;border-width: 0px 0px 0px 0px;border-color:#eae9e9;border-style:solid;\" ><div class=\"fusion-builder-row fusion-row fusion-flex-align-items-flex-start\" style=\"max-width:1185.6px;margin-left: calc(-4% \/ 2 );margin-right: calc(-4% \/ 2 );\"><div class=\"fusion-layout-column fusion_builder_column fusion-builder-column-0 fusion_builder_column_1_1 1_1 fusion-flex-column\"><div class=\"fusion-column-wrapper fusion-flex-justify-content-flex-start fusion-content-layout-column\" style=\"background-position:left top;background-repeat:no-repeat;-webkit-background-size:cover;-moz-background-size:cover;-o-background-size:cover;background-size:cover;padding: 0px 0px 0px 0px;\"><div class=\"fusion-text fusion-text-1\"><p>El mundo va volviendo a su ritmo habitual, tanto a nivel personal como empresarial. Entendamos por normalidad, que ya podamos asistir presencialmente a reuniones con amigos, de empresa, a congresos, a ferias\u2026Pero no nos enga\u00f1emos, como seres humanos tenemos esa capacidad de adaptarnos a las circunstancias, por adversas que sean. Y en este caso, <strong>la pandemia ha supuesto muchos meses de reinventarse y recurrir al formato virtual para seguir manteniendo el contacto interpersonal e interempresarial.<\/strong><\/p>\n<\/div><div style=\"text-align:center;\"><span class=\" fusion-imageframe imageframe-none imageframe-1 hover-type-none\"><img decoding=\"async\" width=\"600\" height=\"291\" title=\"calcular-distancias-banner-2\" src=\"https:\/\/stands-virtuales.com\/blog\/wp-content\/uploads\/2021\/11\/calcular-distancias-banner-2-600x291.jpg\" class=\"img-responsive wp-image-72\" srcset=\"https:\/\/stands-virtuales.com\/blog\/wp-content\/uploads\/2021\/11\/calcular-distancias-banner-2-200x97.jpg 200w, https:\/\/stands-virtuales.com\/blog\/wp-content\/uploads\/2021\/11\/calcular-distancias-banner-2-400x194.jpg 400w, https:\/\/stands-virtuales.com\/blog\/wp-content\/uploads\/2021\/11\/calcular-distancias-banner-2-600x291.jpg 600w, https:\/\/stands-virtuales.com\/blog\/wp-content\/uploads\/2021\/11\/calcular-distancias-banner-2-800x388.jpg 800w, https:\/\/stands-virtuales.com\/blog\/wp-content\/uploads\/2021\/11\/calcular-distancias-banner-2-1200x582.jpg 1200w, https:\/\/stands-virtuales.com\/blog\/wp-content\/uploads\/2021\/11\/calcular-distancias-banner-2.jpg 1292w\" sizes=\"(max-width: 640px) 100vw, 1200px\" \/><\/span><\/div><\/div><style type=\"text\/css\">.fusion-body .fusion-builder-column-0{width:100% !important;margin-top : 0px;margin-bottom : 20px;}.fusion-builder-column-0 > .fusion-column-wrapper {padding-top : 0px !important;padding-right : 0px !important;margin-right : 1.92%;padding-bottom : 0px !important;padding-left : 0px !important;margin-left : 1.92%;}@media only screen and (max-width:1024px) {.fusion-body .fusion-builder-column-0{width:100% !important;order : 0;}.fusion-builder-column-0 > .fusion-column-wrapper {margin-right : 1.92%;margin-left : 1.92%;}}@media only screen and (max-width:640px) {.fusion-body .fusion-builder-column-0{width:100% !important;order : 0;}.fusion-builder-column-0 > .fusion-column-wrapper {margin-right : 1.92%;margin-left : 1.92%;}}<\/style><\/div><div class=\"fusion-layout-column fusion_builder_column fusion-builder-column-1 fusion_builder_column_1_1 1_1 fusion-flex-column\"><div class=\"fusion-column-wrapper fusion-flex-justify-content-flex-start fusion-content-layout-column\" style=\"background-position:left top;background-repeat:no-repeat;-webkit-background-size:cover;-moz-background-size:cover;-o-background-size:cover;background-size:cover;padding: 0px 0px 0px 0px;\"><style type=\"text\/css\">@media only screen and (max-width:1024px) {.fusion-title.fusion-title-1{margin-top:10px!important; margin-right:0px!important;margin-bottom:15px!important;margin-left:0px!important;}}@media only screen and (max-width:640px) {.fusion-title.fusion-title-1{margin-top:10px!important; margin-right:0px!important;margin-bottom:10px!important; margin-left:0px!important;}}<\/style><div class=\"fusion-title title fusion-title-1 fusion-sep-none fusion-title-text fusion-title-size-three\" style=\"margin-top:10px;margin-right:0px;margin-bottom:15px;margin-left:0px;\"><h3 class=\"title-heading-left\" style=\"margin:0;\"><strong>\u00bfQu\u00e9 ha cambiado durante estos meses?<\/strong><\/h3><\/div><\/div><style type=\"text\/css\">.fusion-body .fusion-builder-column-1{width:100% !important;margin-top : 0px;margin-bottom : 20px;}.fusion-builder-column-1 > .fusion-column-wrapper {padding-top : 0px !important;padding-right : 0px !important;margin-right : 1.92%;padding-bottom : 0px !important;padding-left : 0px !important;margin-left : 1.92%;}@media only screen and (max-width:1024px) {.fusion-body .fusion-builder-column-1{width:100% !important;order : 0;}.fusion-builder-column-1 > .fusion-column-wrapper {margin-right : 1.92%;margin-left : 1.92%;}}@media only screen and (max-width:640px) {.fusion-body .fusion-builder-column-1{width:100% !important;order : 0;}.fusion-builder-column-1 > .fusion-column-wrapper {margin-right : 1.92%;margin-left : 1.92%;}}<\/style><\/div><div class=\"fusion-layout-column fusion_builder_column fusion-builder-column-2 fusion_builder_column_1_2 1_2 fusion-flex-column\"><div class=\"fusion-column-wrapper fusion-flex-justify-content-flex-start fusion-content-layout-column\" style=\"background-position:left top;background-repeat:no-repeat;-webkit-background-size:cover;-moz-background-size:cover;-o-background-size:cover;background-size:cover;padding: 0px 0px 0px 0px;\"><div ><span class=\" fusion-imageframe imageframe-none imageframe-2 hover-type-none\"><img decoding=\"async\" width=\"586\" height=\"360\" title=\"blog_2021_10_2\" src=\"https:\/\/stands-virtuales.com\/blog\/wp-content\/uploads\/2021\/11\/blog_2021_10_2.jpg\" class=\"img-responsive wp-image-71\" srcset=\"https:\/\/stands-virtuales.com\/blog\/wp-content\/uploads\/2021\/11\/blog_2021_10_2-200x123.jpg 200w, https:\/\/stands-virtuales.com\/blog\/wp-content\/uploads\/2021\/11\/blog_2021_10_2-400x246.jpg 400w, https:\/\/stands-virtuales.com\/blog\/wp-content\/uploads\/2021\/11\/blog_2021_10_2.jpg 586w\" sizes=\"(max-width: 640px) 100vw, 586px\" \/><\/span><\/div><\/div><style type=\"text\/css\">.fusion-body .fusion-builder-column-2{width:50% !important;margin-top : 0px;margin-bottom : 20px;}.fusion-builder-column-2 > .fusion-column-wrapper {padding-top : 0px !important;padding-right : 0px !important;margin-right : 3.84%;padding-bottom : 0px !important;padding-left : 0px !important;margin-left : 3.84%;}@media only screen and (max-width:1024px) {.fusion-body .fusion-builder-column-2{width:50% !important;order : 0;}.fusion-builder-column-2 > .fusion-column-wrapper {margin-right : 3.84%;margin-left : 3.84%;}}@media only screen and (max-width:640px) {.fusion-body .fusion-builder-column-2{width:100% !important;order : 0;}.fusion-builder-column-2 > .fusion-column-wrapper {margin-right : 1.92%;margin-left : 1.92%;}}<\/style><\/div><div class=\"fusion-layout-column fusion_builder_column fusion-builder-column-3 fusion_builder_column_1_2 1_2 fusion-flex-column\"><div class=\"fusion-column-wrapper fusion-flex-justify-content-flex-start fusion-content-layout-column\" style=\"background-position:left top;background-repeat:no-repeat;-webkit-background-size:cover;-moz-background-size:cover;-o-background-size:cover;background-size:cover;padding: 0px 0px 0px 0px;\"><div class=\"fusion-text fusion-text-2\"><p>Pues que <strong>la distancia f\u00edsica impuesta no ha sido un obst\u00e1culo para seguir en contacto, gracias a la tecnolog\u00eda<\/strong>. Una vez que hemos integrado en nuestro d\u00eda a d\u00eda <strong>las ventajas que nos brinda el formato virtual<\/strong>, que ha borrado los l\u00edmites para comunicarnos de forma cercana con personas de cualquier parte de la geograf\u00eda, <strong>ya no nos planteamos renunciar a ello, <\/strong>ni aunque podamos desplazarnos libremente.<\/p>\n<p>Actualmente, <strong>cuando convocamos una reuni\u00f3n, ya tenemos que especificar si es presencial o virtual<\/strong>. <em>\u00bfHacemos un Teams o quedamos f\u00edsicamente?<\/em> Esa es la pregunta m\u00e1s habitual que nos hacemos. A veces, incluso cuesta decidirnos por uno u otro formato, y al final cada uno escoge el que m\u00e1s se ajuste a su agenda, en cada momento. De esta manera, por un lado <strong>somos m\u00e1s libres de priorizar con nuestro tiempo<\/strong>, de compartir ideas y entablar relaciones con profesionales que hace unos a\u00f1os no sentir\u00edamos tan cerca, debido a la distancia f\u00edsica. Y por otro lado, <strong>cuando optamos por encuentros presenciales, realmente los disfrutamos m\u00e1s, porque estos no son obligados ni indispensables.<\/strong><\/p>\n<\/div><\/div><style type=\"text\/css\">.fusion-body .fusion-builder-column-3{width:50% !important;margin-top : 0px;margin-bottom : 20px;}.fusion-builder-column-3 > .fusion-column-wrapper {padding-top : 0px !important;padding-right : 0px !important;margin-right : 3.84%;padding-bottom : 0px !important;padding-left : 0px !important;margin-left : 3.84%;}@media only screen and (max-width:1024px) {.fusion-body .fusion-builder-column-3{width:50% !important;order : 0;}.fusion-builder-column-3 > .fusion-column-wrapper {margin-right : 3.84%;margin-left : 3.84%;}}@media only screen and (max-width:640px) {.fusion-body .fusion-builder-column-3{width:100% !important;order : 0;}.fusion-builder-column-3 > .fusion-column-wrapper {margin-right : 1.92%;margin-left : 1.92%;}}<\/style><\/div><div class=\"fusion-layout-column fusion_builder_column fusion-builder-column-4 fusion_builder_column_1_1 1_1 fusion-flex-column\"><div class=\"fusion-column-wrapper fusion-flex-justify-content-flex-start fusion-content-layout-column\" style=\"background-position:left top;background-repeat:no-repeat;-webkit-background-size:cover;-moz-background-size:cover;-o-background-size:cover;background-size:cover;padding: 0px 0px 0px 0px;\"><style type=\"text\/css\">@media only screen and (max-width:1024px) {.fusion-title.fusion-title-2{margin-top:10px!important; margin-right:0px!important;margin-bottom:15px!important;margin-left:0px!important;}}@media only screen and (max-width:640px) {.fusion-title.fusion-title-2{margin-top:10px!important; margin-right:0px!important;margin-bottom:10px!important; margin-left:0px!important;}}<\/style><div class=\"fusion-title title fusion-title-2 fusion-sep-none fusion-title-text fusion-title-size-three\" style=\"margin-top:10px;margin-right:0px;margin-bottom:15px;margin-left:0px;\"><h3 class=\"title-heading-left\" style=\"margin:0;\"><strong>\u00bfPor qu\u00e9 incorporar el formato virtual a nuestro negocio?<\/strong><\/h3><\/div><div class=\"fusion-text fusion-text-3\"><p>Realmente, es momento de plantearse en serio, si no lo hemos hecho ya, que <strong>incorporar el formato virtual<\/strong> en nuestra estrategia corporativa, <strong>es b\u00e1sico<\/strong> para no quedarse atr\u00e1s. <strong>\u00bfPor qu\u00e9 hacemos, por ejemplo, menos formaci\u00f3n o menos eventos corporativos de los que nos gustar\u00eda, debido a las dificultades log\u00edsticas y al gasto en viajes y alojamiento que esto supone?<\/strong><\/p>\n<p>La respuesta a esta pregunta es: Porque no hemos pensado a\u00fan en dejarnos asesorar, para descubrir lo enriquecedores y sencillos de organizar que pueden ser <strong>los eventos virtuales<\/strong> (stands, conferencias, seminarios\u2026) Por s\u00ed solos, o para complementar el formato presencial, lo que podemos asegurar es que <strong>son herramientas poderosas para ampliar el alcance exponencialmente, reducir el perjuicio que \u00a0los desplazamientos provocan en el medio ambiente, y por supuesto para optimizar nuestro tiempo.<\/strong><\/p>\n<\/div><div style=\"text-align:center;\"><span class=\" fusion-imageframe imageframe-none imageframe-3 hover-type-none\"><img decoding=\"async\" width=\"600\" height=\"338\" title=\"fondo_hall\" src=\"https:\/\/stands-virtuales.com\/blog\/wp-content\/uploads\/2021\/11\/fondo_hall-600x338.jpg\" class=\"img-responsive wp-image-76\" srcset=\"https:\/\/stands-virtuales.com\/blog\/wp-content\/uploads\/2021\/11\/fondo_hall-200x113.jpg 200w, https:\/\/stands-virtuales.com\/blog\/wp-content\/uploads\/2021\/11\/fondo_hall-400x225.jpg 400w, https:\/\/stands-virtuales.com\/blog\/wp-content\/uploads\/2021\/11\/fondo_hall-600x338.jpg 600w, https:\/\/stands-virtuales.com\/blog\/wp-content\/uploads\/2021\/11\/fondo_hall-800x450.jpg 800w, https:\/\/stands-virtuales.com\/blog\/wp-content\/uploads\/2021\/11\/fondo_hall.jpg 1024w\" sizes=\"(max-width: 640px) 100vw, 600px\" \/><\/span><\/div><div class=\"fusion-text fusion-text-4\"><p>En Stands Virtuales estamos para asesorarte. Simplemente, escoge el formato que t\u00fa prefieras y <a href=\"https:\/\/stands-virtuales.com\/contacto\">contacta con nosotros.<\/a><\/p>\n<\/div><\/div><style type=\"text\/css\">.fusion-body .fusion-builder-column-4{width:100% !important;margin-top : 0px;margin-bottom : 20px;}.fusion-builder-column-4 > .fusion-column-wrapper {padding-top : 0px !important;padding-right : 0px !important;margin-right : 1.92%;padding-bottom : 0px !important;padding-left : 0px !important;margin-left : 1.92%;}@media only screen and (max-width:1024px) {.fusion-body .fusion-builder-column-4{width:100% !important;order : 0;}.fusion-builder-column-4 > .fusion-column-wrapper {margin-right : 1.92%;margin-left : 1.92%;}}@media only screen and (max-width:640px) {.fusion-body .fusion-builder-column-4{width:100% !important;order : 0;}.fusion-builder-column-4 > .fusion-column-wrapper {margin-right : 1.92%;margin-left : 1.92%;}}<\/style><\/div><\/div><style type=\"text\/css\">.fusion-body .fusion-flex-container.fusion-builder-row-1{ padding-top : 0px;margin-top : 0px;padding-right : 0px;padding-bottom : 0px;margin-bottom : 0px;padding-left : 0px;}<\/style><\/div>\n","protected":false},"excerpt":{"rendered":"","protected":false},"author":1,"featured_media":72,"comment_status":"closed","ping_status":"closed","sticky":false,"template":"","format":"standard","meta":{"footnotes":""},"categories":[1],"tags":[],"class_list":["post-70","post","type-post","status-publish","format-standard","has-post-thumbnail","hentry","category-sin-categoria"],"yoast_head":"<!-- This site is optimized with the Yoast SEO plugin v22.4 - https:\/\/yoast.com\/wordpress\/plugins\/seo\/ -->\n<title>\u00bfPor qu\u00e9 incorporar el formato virtual a nuestra estrategia corporativa? - Blog Stands Virtuales<\/title>\n<meta name=\"robots\" content=\"index, follow, max-snippet:-1, max-image-preview:large, max-video-preview:-1\" \/>\n<link rel=\"canonical\" href=\"https:\/\/stands-virtuales.com\/blog\/por-que-incorporar-el-formato-virtual-a-nuestra-estrategia-corporativa\/\" \/>\n<meta property=\"og:locale\" content=\"es_ES\" \/>\n<meta property=\"og:type\" content=\"article\" \/>\n<meta property=\"og:title\" content=\"\u00bfPor qu\u00e9 incorporar el formato virtual a nuestra estrategia corporativa? - Blog Stands Virtuales\" \/>\n<meta property=\"og:url\" content=\"https:\/\/stands-virtuales.com\/blog\/por-que-incorporar-el-formato-virtual-a-nuestra-estrategia-corporativa\/\" \/>\n<meta property=\"og:site_name\" content=\"Blog Stands Virtuales\" \/>\n<meta property=\"article:published_time\" content=\"2021-10-28T19:01:11+00:00\" \/>\n<meta property=\"article:modified_time\" content=\"2021-11-30T19:06:45+00:00\" \/>\n<meta property=\"og:image\" content=\"https:\/\/stands-virtuales.com\/blog\/wp-content\/uploads\/2021\/11\/calcular-distancias-banner-2.jpg\" \/>\n\t<meta property=\"og:image:width\" content=\"1292\" \/>\n\t<meta property=\"og:image:height\" content=\"627\" \/>\n\t<meta property=\"og:image:type\" content=\"image\/jpeg\" \/>\n<meta name=\"author\" content=\"AdminSV\" \/>\n<meta name=\"twitter:card\" content=\"summary_large_image\" \/>\n<meta name=\"twitter:label1\" content=\"Escrito por\" \/>\n\t<meta name=\"twitter:data1\" content=\"AdminSV\" \/>\n\t<meta name=\"twitter:label2\" content=\"Tiempo de lectura\" \/>\n\t<meta name=\"twitter:data2\" content=\"6 minutos\" \/>\n<script type=\"application\/ld+json\" class=\"yoast-schema-graph\">{\"@context\":\"https:\/\/schema.org\",\"@graph\":[{\"@type\":\"WebPage\",\"@id\":\"https:\/\/stands-virtuales.com\/blog\/por-que-incorporar-el-formato-virtual-a-nuestra-estrategia-corporativa\/\",\"url\":\"https:\/\/stands-virtuales.com\/blog\/por-que-incorporar-el-formato-virtual-a-nuestra-estrategia-corporativa\/\",\"name\":\"\u00bfPor qu\u00e9 incorporar el formato virtual a nuestra estrategia corporativa? - Blog Stands Virtuales\",\"isPartOf\":{\"@id\":\"https:\/\/stands-virtuales.com\/blog\/#website\"},\"primaryImageOfPage\":{\"@id\":\"https:\/\/stands-virtuales.com\/blog\/por-que-incorporar-el-formato-virtual-a-nuestra-estrategia-corporativa\/#primaryimage\"},\"image\":{\"@id\":\"https:\/\/stands-virtuales.com\/blog\/por-que-incorporar-el-formato-virtual-a-nuestra-estrategia-corporativa\/#primaryimage\"},\"thumbnailUrl\":\"https:\/\/stands-virtuales.com\/blog\/wp-content\/uploads\/2021\/11\/calcular-distancias-banner-2.jpg\",\"datePublished\":\"2021-10-28T19:01:11+00:00\",\"dateModified\":\"2021-11-30T19:06:45+00:00\",\"author\":{\"@id\":\"https:\/\/stands-virtuales.com\/blog\/#\/schema\/person\/b0c81557b3ec0e69c7a8507661bc5b60\"},\"breadcrumb\":{\"@id\":\"https:\/\/stands-virtuales.com\/blog\/por-que-incorporar-el-formato-virtual-a-nuestra-estrategia-corporativa\/#breadcrumb\"},\"inLanguage\":\"es\",\"potentialAction\":[{\"@type\":\"ReadAction\",\"target\":[\"https:\/\/stands-virtuales.com\/blog\/por-que-incorporar-el-formato-virtual-a-nuestra-estrategia-corporativa\/\"]}]},{\"@type\":\"ImageObject\",\"inLanguage\":\"es\",\"@id\":\"https:\/\/stands-virtuales.com\/blog\/por-que-incorporar-el-formato-virtual-a-nuestra-estrategia-corporativa\/#primaryimage\",\"url\":\"https:\/\/stands-virtuales.com\/blog\/wp-content\/uploads\/2021\/11\/calcular-distancias-banner-2.jpg\",\"contentUrl\":\"https:\/\/stands-virtuales.com\/blog\/wp-content\/uploads\/2021\/11\/calcular-distancias-banner-2.jpg\",\"width\":1292,\"height\":627},{\"@type\":\"BreadcrumbList\",\"@id\":\"https:\/\/stands-virtuales.com\/blog\/por-que-incorporar-el-formato-virtual-a-nuestra-estrategia-corporativa\/#breadcrumb\",\"itemListElement\":[{\"@type\":\"ListItem\",\"position\":1,\"name\":\"Portada\",\"item\":\"https:\/\/stands-virtuales.com\/blog\/\"},{\"@type\":\"ListItem\",\"position\":2,\"name\":\"\u00bfPor qu\u00e9 incorporar el formato virtual a nuestra estrategia corporativa?\"}]},{\"@type\":\"WebSite\",\"@id\":\"https:\/\/stands-virtuales.com\/blog\/#website\",\"url\":\"https:\/\/stands-virtuales.com\/blog\/\",\"name\":\"Blog Stands Virtuales\",\"description\":\"\",\"potentialAction\":[{\"@type\":\"SearchAction\",\"target\":{\"@type\":\"EntryPoint\",\"urlTemplate\":\"https:\/\/stands-virtuales.com\/blog\/?s={search_term_string}\"},\"query-input\":\"required name=search_term_string\"}],\"inLanguage\":\"es\"},{\"@type\":\"Person\",\"@id\":\"https:\/\/stands-virtuales.com\/blog\/#\/schema\/person\/b0c81557b3ec0e69c7a8507661bc5b60\",\"name\":\"AdminSV\",\"image\":{\"@type\":\"ImageObject\",\"inLanguage\":\"es\",\"@id\":\"https:\/\/stands-virtuales.com\/blog\/#\/schema\/person\/image\/\",\"url\":\"https:\/\/secure.gravatar.com\/avatar\/fa1cd077bd91aa206f2a82918e989b7da2590aa7b38db6cac28c2901bc39e7b9?s=96&d=mm&r=g\",\"contentUrl\":\"https:\/\/secure.gravatar.com\/avatar\/fa1cd077bd91aa206f2a82918e989b7da2590aa7b38db6cac28c2901bc39e7b9?s=96&d=mm&r=g\",\"caption\":\"AdminSV\"},\"sameAs\":[\"http:\/\/www.stands-virtuales.com\/blog\"],\"url\":\"https:\/\/stands-virtuales.com\/blog\/author\/adminsv\/\"}]}<\/script>\n<!-- \/ Yoast SEO plugin. -->","yoast_head_json":{"title":"\u00bfPor qu\u00e9 incorporar el formato virtual a nuestra estrategia corporativa? - Blog Stands Virtuales","robots":{"index":"index","follow":"follow","max-snippet":"max-snippet:-1","max-image-preview":"max-image-preview:large","max-video-preview":"max-video-preview:-1"},"canonical":"https:\/\/stands-virtuales.com\/blog\/por-que-incorporar-el-formato-virtual-a-nuestra-estrategia-corporativa\/","og_locale":"es_ES","og_type":"article","og_title":"\u00bfPor qu\u00e9 incorporar el formato virtual a nuestra estrategia corporativa? - Blog Stands Virtuales","og_url":"https:\/\/stands-virtuales.com\/blog\/por-que-incorporar-el-formato-virtual-a-nuestra-estrategia-corporativa\/","og_site_name":"Blog Stands Virtuales","article_published_time":"2021-10-28T19:01:11+00:00","article_modified_time":"2021-11-30T19:06:45+00:00","og_image":[{"width":1292,"height":627,"url":"https:\/\/stands-virtuales.com\/blog\/wp-content\/uploads\/2021\/11\/calcular-distancias-banner-2.jpg","type":"image\/jpeg"}],"author":"AdminSV","twitter_card":"summary_large_image","twitter_misc":{"Escrito por":"AdminSV","Tiempo de lectura":"6 minutos"},"schema":{"@context":"https:\/\/schema.org","@graph":[{"@type":"WebPage","@id":"https:\/\/stands-virtuales.com\/blog\/por-que-incorporar-el-formato-virtual-a-nuestra-estrategia-corporativa\/","url":"https:\/\/stands-virtuales.com\/blog\/por-que-incorporar-el-formato-virtual-a-nuestra-estrategia-corporativa\/","name":"\u00bfPor qu\u00e9 incorporar el formato virtual a nuestra estrategia corporativa? - Blog Stands Virtuales","isPartOf":{"@id":"https:\/\/stands-virtuales.com\/blog\/#website"},"primaryImageOfPage":{"@id":"https:\/\/stands-virtuales.com\/blog\/por-que-incorporar-el-formato-virtual-a-nuestra-estrategia-corporativa\/#primaryimage"},"image":{"@id":"https:\/\/stands-virtuales.com\/blog\/por-que-incorporar-el-formato-virtual-a-nuestra-estrategia-corporativa\/#primaryimage"},"thumbnailUrl":"https:\/\/stands-virtuales.com\/blog\/wp-content\/uploads\/2021\/11\/calcular-distancias-banner-2.jpg","datePublished":"2021-10-28T19:01:11+00:00","dateModified":"2021-11-30T19:06:45+00:00","author":{"@id":"https:\/\/stands-virtuales.com\/blog\/#\/schema\/person\/b0c81557b3ec0e69c7a8507661bc5b60"},"breadcrumb":{"@id":"https:\/\/stands-virtuales.com\/blog\/por-que-incorporar-el-formato-virtual-a-nuestra-estrategia-corporativa\/#breadcrumb"},"inLanguage":"es","potentialAction":[{"@type":"ReadAction","target":["https:\/\/stands-virtuales.com\/blog\/por-que-incorporar-el-formato-virtual-a-nuestra-estrategia-corporativa\/"]}]},{"@type":"ImageObject","inLanguage":"es","@id":"https:\/\/stands-virtuales.com\/blog\/por-que-incorporar-el-formato-virtual-a-nuestra-estrategia-corporativa\/#primaryimage","url":"https:\/\/stands-virtuales.com\/blog\/wp-content\/uploads\/2021\/11\/calcular-distancias-banner-2.jpg","contentUrl":"https:\/\/stands-virtuales.com\/blog\/wp-content\/uploads\/2021\/11\/calcular-distancias-banner-2.jpg","width":1292,"height":627},{"@type":"BreadcrumbList","@id":"https:\/\/stands-virtuales.com\/blog\/por-que-incorporar-el-formato-virtual-a-nuestra-estrategia-corporativa\/#breadcrumb","itemListElement":[{"@type":"ListItem","position":1,"name":"Portada","item":"https:\/\/stands-virtuales.com\/blog\/"},{"@type":"ListItem","position":2,"name":"\u00bfPor qu\u00e9 incorporar el formato virtual a nuestra estrategia corporativa?"}]},{"@type":"WebSite","@id":"https:\/\/stands-virtuales.com\/blog\/#website","url":"https:\/\/stands-virtuales.com\/blog\/","name":"Blog Stands Virtuales","description":"","potentialAction":[{"@type":"SearchAction","target":{"@type":"EntryPoint","urlTemplate":"https:\/\/stands-virtuales.com\/blog\/?s={search_term_string}"},"query-input":"required name=search_term_string"}],"inLanguage":"es"},{"@type":"Person","@id":"https:\/\/stands-virtuales.com\/blog\/#\/schema\/person\/b0c81557b3ec0e69c7a8507661bc5b60","name":"AdminSV","image":{"@type":"ImageObject","inLanguage":"es","@id":"https:\/\/stands-virtuales.com\/blog\/#\/schema\/person\/image\/","url":"https:\/\/secure.gravatar.com\/avatar\/fa1cd077bd91aa206f2a82918e989b7da2590aa7b38db6cac28c2901bc39e7b9?s=96&d=mm&r=g","contentUrl":"https:\/\/secure.gravatar.com\/avatar\/fa1cd077bd91aa206f2a82918e989b7da2590aa7b38db6cac28c2901bc39e7b9?s=96&d=mm&r=g","caption":"AdminSV"},"sameAs":["http:\/\/www.stands-virtuales.com\/blog"],"url":"https:\/\/stands-virtuales.com\/blog\/author\/adminsv\/"}]}},"_links":{"self":[{"href":"https:\/\/stands-virtuales.com\/blog\/wp-json\/wp\/v2\/posts\/70","targetHints":{"allow":["GET"]}}],"collection":[{"href":"https:\/\/stands-virtuales.com\/blog\/wp-json\/wp\/v2\/posts"}],"about":[{"href":"https:\/\/stands-virtuales.com\/blog\/wp-json\/wp\/v2\/types\/post"}],"author":[{"embeddable":true,"href":"https:\/\/stands-virtuales.com\/blog\/wp-json\/wp\/v2\/users\/1"}],"replies":[{"embeddable":true,"href":"https:\/\/stands-virtuales.com\/blog\/wp-json\/wp\/v2\/comments?post=70"}],"version-history":[{"count":6,"href":"https:\/\/stands-virtuales.com\/blog\/wp-json\/wp\/v2\/posts\/70\/revisions"}],"predecessor-version":[{"id":87,"href":"https:\/\/stands-virtuales.com\/blog\/wp-json\/wp\/v2\/posts\/70\/revisions\/87"}],"wp:featuredmedia":[{"embeddable":true,"href":"https:\/\/stands-virtuales.com\/blog\/wp-json\/wp\/v2\/media\/72"}],"wp:attachment":[{"href":"https:\/\/stands-virtuales.com\/blog\/wp-json\/wp\/v2\/media?parent=70"}],"wp:term":[{"taxonomy":"category","embeddable":true,"href":"https:\/\/stands-virtuales.com\/blog\/wp-json\/wp\/v2\/categories?post=70"},{"taxonomy":"post_tag","embeddable":true,"href":"https:\/\/stands-virtuales.com\/blog\/wp-json\/wp\/v2\/tags?post=70"}],"curies":[{"name":"wp","href":"https:\/\/api.w.org\/{rel}","templated":true}]}}